{"id":15898,"date":"2026-03-17T10:14:45","date_gmt":"2026-03-17T13:14:45","guid":{"rendered":"https:\/\/capsantafe.online\/cssappsf\/?p=15898"},"modified":"2026-04-23T12:31:13","modified_gmt":"2026-04-23T15:31:13","slug":"recibimos-a-las-autoridades-de-los-colegios-de-abogados-de-la-provincia","status":"publish","type":"post","link":"https:\/\/capsantafe.online\/cssappsf\/recibimos-a-las-autoridades-de-los-colegios-de-abogados-de-la-provincia\/","title":{"rendered":"Recibimos a las autoridades de los Colegios de Abogados de la Provincia"},"content":{"rendered":"\t\t<div data-elementor-type=\"wp-post\" data-elementor-id=\"15898\" class=\"elementor elementor-15898\" data-elementor-post-type=\"post\">\n\t\t\t\t\t\t<section data-particle_enable=\"false\" data-particle-mobile-disabled=\"false\" class=\"ob-is-breaking-bad elementor-section elementor-top-section elementor-element elementor-element-568835ad elementor-section-boxed elementor-section-height-default elementor-section-height-default\" data-id=\"568835ad\" data-element_type=\"section\" data-e-type=\"section\" data-settings=\"{&quot;_ob_bbad_use_it&quot;:&quot;yes&quot;,&quot;_ob_bbad_sssic_use&quot;:&quot;no&quot;,&quot;_ob_glider_is_slider&quot;:&quot;no&quot;,&quot;ekit_has_onepagescroll_dot&quot;:&quot;yes&quot;}\">\n\t\t\t\t\t\t<div class=\"elementor-container elementor-column-gap-default\">\n\t\t\t\t\t<div class=\"elementor-column elementor-col-100 elementor-top-column elementor-element elementor-element-5f0536d6\" data-id=\"5f0536d6\" data-element_type=\"column\" data-e-type=\"column\" data-settings=\"{&quot;_ob_bbad_is_stalker&quot;:&quot;no&quot;,&quot;_ob_teleporter_use&quot;:false,&quot;_ob_column_hoveranimator&quot;:&quot;no&quot;,&quot;_ob_column_has_pseudo&quot;:&quot;no&quot;}\">\n\t\t\t<div class=\"elementor-widget-wrap elementor-element-populated\">\n\t\t\t\t\t\t<div class=\"elementor-element elementor-element-421153b ob-harakiri-inherit ob-has-background-overlay elementor-widget elementor-widget-text-editor\" data-id=\"421153b\" data-element_type=\"widget\" data-e-type=\"widget\" data-settings=\"{&quot;_ob_use_harakiri&quot;:&quot;yes&quot;,&quot;_ob_harakiri_writing_mode&quot;:&quot;inherit&quot;,&quot;_ob_postman_use&quot;:&quot;no&quot;,&quot;_ob_perspektive_use&quot;:&quot;no&quot;,&quot;ekit_we_effect_on&quot;:&quot;none&quot;,&quot;_ob_poopart_use&quot;:&quot;yes&quot;,&quot;_ob_shadough_use&quot;:&quot;no&quot;,&quot;_ob_allow_hoveranimator&quot;:&quot;no&quot;,&quot;_ob_widget_stalker_use&quot;:&quot;no&quot;}\" data-widget_type=\"text-editor.default\">\n\t\t\t\t<div class=\"elementor-widget-container\">\n\t\t\t\t\t\t\t\t\t<p data-start=\"78\" data-end=\"342\"><img decoding=\"async\" class=\"emoji\" role=\"img\" draggable=\"false\" src=\"https:\/\/s.w.org\/images\/core\/emoji\/17.0.2\/svg\/1f3db.svg\" alt=\"\ud83c\udfdb\ufe0f\" \/> Con el objetivo de optimizar y actualizar los procesos administrativos vinculados al ejercicio de la abogac\u00eda y la procuraci\u00f3n, nuestra <b>Instituci\u00f3n <\/b>recibi\u00f3 en el Sal\u00f3n de Directorio de la Sede Santa Fe a <b>autoridades de los Colegios de Abogados de la Provincia<\/b>.<\/p><p data-start=\"344\" data-end=\"601\"><img decoding=\"async\" class=\"emoji\" role=\"img\" draggable=\"false\" src=\"https:\/\/s.w.org\/images\/core\/emoji\/17.0.2\/svg\/1f91d.svg\" alt=\"\ud83e\udd1d\" \/> En este contexto de articulaci\u00f3n institucional, se llev\u00f3 adelante la firma de la documentaci\u00f3n necesaria para la regularizaci\u00f3n y puesta en marcha del <b>Sistema de Boleta \u00danica de Iniciaci\u00f3n de Juicios<\/b>, incorporando la modalidad de <b>pago mediante c\u00f3digo QR<\/b>.<\/p><p data-start=\"603\" data-end=\"834\"><img decoding=\"async\" class=\"emoji\" role=\"img\" draggable=\"false\" src=\"https:\/\/s.w.org\/images\/core\/emoji\/17.0.2\/svg\/1f3e6.svg\" alt=\"\ud83c\udfe6\" \/> Participaron de la jornada, en representaci\u00f3n de Banco Galicia S.A. como entidad facilitadora:<br data-start=\"700\" data-end=\"703\" \/>\u2022 <b>David Fabbro<\/b> (Gerente de Nodo)<br data-start=\"735\" data-end=\"738\" \/>\u2022 <b>Guillermo Berdeal<\/b> (Team Leader de Sector P\u00fablico)<br data-start=\"789\" data-end=\"792\" \/>\u2022 <b>Mara G\u00f3mez<\/b> (Ejecutiva de Sector P\u00fablico)<\/p><p data-start=\"836\" data-end=\"887\"><img decoding=\"async\" class=\"emoji\" role=\"img\" draggable=\"false\" src=\"https:\/\/s.w.org\/images\/core\/emoji\/17.0.2\/svg\/1f680.svg\" alt=\"\ud83d\ude80\" \/> Hacia un ejercicio profesional m\u00e1s \u00e1gil y seguro<\/p><p data-start=\"889\" data-end=\"1161\"><img decoding=\"async\" class=\"emoji\" role=\"img\" draggable=\"false\" src=\"https:\/\/s.w.org\/images\/core\/emoji\/17.0.2\/svg\/1f4f2.svg\" alt=\"\ud83d\udcf2\" \/> Este avance constituye un paso clave en el proceso de modernizaci\u00f3n. La incorporaci\u00f3n del <b>pago con QR<\/b> mejora los niveles de seguridad y eficiencia, al tiempo que brinda mayor practicidad para que cada afiliado y afiliada gestione sus tr\u00e1mites de forma \u00e1gil e inmediata.<\/p><p data-start=\"1163\" data-end=\"1289\"><img decoding=\"async\" class=\"emoji\" role=\"img\" draggable=\"false\" src=\"https:\/\/s.w.org\/images\/core\/emoji\/17.0.2\/svg\/1f4bb.svg\" alt=\"\ud83d\udcbb\" \/> Continuamos desarrollando herramientas tecnol\u00f3gicas que acompa\u00f1en y simplifiquen la tarea diaria de nuestros profesionales.<\/p>\t\t\t\t\t\t\t\t<\/div>\n\t\t\t\t<\/div>\n\t\t\t\t\t<\/div>\n\t\t<\/div>\n\t\t\t\t\t<\/div>\n\t\t<\/section>\n\t\t\t\t<section data-particle_enable=\"false\" data-particle-mobile-disabled=\"false\" class=\"ob-is-breaking-bad elementor-section elementor-top-section elementor-element elementor-element-da433d6 elementor-section-boxed elementor-section-height-default elementor-section-height-default\" data-id=\"da433d6\" data-element_type=\"section\" data-e-type=\"section\" data-settings=\"{&quot;_ob_bbad_use_it&quot;:&quot;yes&quot;,&quot;_ob_bbad_sssic_use&quot;:&quot;no&quot;,&quot;_ob_glider_is_slider&quot;:&quot;no&quot;,&quot;ekit_has_onepagescroll_dot&quot;:&quot;yes&quot;}\">\n\t\t\t\t\t\t<div class=\"elementor-container elementor-column-gap-default\">\n\t\t\t\t\t<div class=\"elementor-column elementor-col-100 elementor-top-column elementor-element elementor-element-7e3a302\" data-id=\"7e3a302\" data-element_type=\"column\" data-e-type=\"column\" data-settings=\"{&quot;_ob_bbad_is_stalker&quot;:&quot;no&quot;,&quot;_ob_teleporter_use&quot;:false,&quot;_ob_column_hoveranimator&quot;:&quot;no&quot;,&quot;_ob_column_has_pseudo&quot;:&quot;no&quot;}\">\n\t\t\t<div class=\"elementor-widget-wrap elementor-element-populated\">\n\t\t\t\t\t\t<div class=\"elementor-element elementor-element-cbf32c1 ob-has-background-overlay elementor-widget elementor-widget-shortcode\" data-id=\"cbf32c1\" data-element_type=\"widget\" data-e-type=\"widget\" data-settings=\"{&quot;_ob_perspektive_use&quot;:&quot;no&quot;,&quot;ekit_we_effect_on&quot;:&quot;none&quot;,&quot;_ob_poopart_use&quot;:&quot;yes&quot;,&quot;_ob_shadough_use&quot;:&quot;no&quot;,&quot;_ob_allow_hoveranimator&quot;:&quot;no&quot;,&quot;_ob_widget_stalker_use&quot;:&quot;no&quot;}\" data-widget_type=\"shortcode.default\">\n\t\t\t\t<div class=\"elementor-widget-container\">\n\t\t\t\t\t\t\t<div class=\"elementor-shortcode\">\n<div id=\"sb_instagram\"  class=\"sbi sbi_mob_col_1 sbi_tab_col_1 sbi_col_1 sbi_width_resp sbi-theme sbi-modern sbi-style-regular\" style=\"padding-bottom: 10px;\" data-post-style=\"regular\"\t data-feedid=\"*21\"  data-res=\"auto\" data-cols=\"1\" data-colsmobile=\"1\" data-colstablet=\"1\" data-num=\"1\" data-nummobile=\"1\" data-header-size=\"medium\" data-item-padding=\"5\"\t data-shortcode-atts=\"{&quot;feed&quot;:&quot;21&quot;}\"  data-postid=\"15898\" data-locatornonce=\"d07e07e170\" data-options=\"{&quot;grid&quot;:true,&quot;avatars&quot;:{&quot;capsantafe&quot;:&quot;https:\\\/\\\/scontent.cdninstagram.com\\\/v\\\/t51.82787-19\\\/659042118_18097369154084747_8390357549240321282_n.jpg?stp=dst-jpg_s206x206_tt6&amp;_nc_cat=104&amp;ccb=7-5&amp;_nc_sid=bf7eb4&amp;efg=eyJ2ZW5jb2RlX3RhZyI6InByb2ZpbGVfcGljLnd3dy4xMDgwLkMzIn0%3D&amp;_nc_ohc=VH_XJTntb3kQ7kNvwGEh0zx&amp;_nc_oc=Adoe3g0T47R8-3HYxjK20J4LB4sHugMDwWvTAit99ixn2uI40s7VtGbP7tFJGBTWNvOWPBBL4lGcSt0727ZQQhoz&amp;_nc_zt=24&amp;_nc_ht=scontent.cdninstagram.com&amp;edm=AP4hL3IEAAAA&amp;_nc_gid=-mNSNVescOLIQ2BKyVTO7A&amp;_nc_tpa=Q5bMBQFWoTeeLVk60XPg9MLrS-pbE9JNdFJ0pKwE75uSRruWhuiBxEn81bgiNZLVy12jAOvet1wha6mNkw&amp;oh=00_Af36qJ7YMchVGUhS3f4O12gS7FKlyfnT0GywZC1mcbX-QQ&amp;oe=69F8B2DE&quot;,&quot;LCLcapsantafe&quot;:&quot;https:\\\/\\\/capsantafe.online\\\/cssappsf\\\/wp-content\\\/uploads\\\/sb-instagram-feed-images\\\/capsantafe.jpg&quot;},&quot;lightboxcomments&quot;:20,&quot;colsmobile&quot;:1,&quot;colstablet&quot;:&quot;1&quot;,&quot;feedtheme&quot;:&quot;modern&quot;,&quot;imageaspectratio&quot;:&quot;1:1&quot;}\" data-sbi-flags=\"favorLocal\">\n\n\t<div class=\"sb_instagram_header sbi_feed_type_user sbi_medium sbi_header_style_boxed sbi-theme sbi-modern\"  style=\"background: rgb(20,31,51);\" >\n\t<a class=\"sbi_header_link\" target=\"_blank\"\n\t   rel=\"nofollow noopener\" href=\"https:\/\/www.instagram.com\/capsantafe\/\" title=\"@capsantafe\">\n\t\t<div class=\"sbi_header_text\">\n\t\t\t\t<div class=\"sbi_header_img\"   data-avatar-url=\"https:\/\/capsantafe.online\/cssappsf\/wp-content\/uploads\/sb-instagram-feed-images\/capsantafe.jpg\">\n\t\t\t\t\t<div class=\"sbi_header_img_hover\">\n\t\t\t\t<svg  class=\"sbi_new_logo fa-instagram fa-w-14\" aria-hidden=\"true\" data-fa-processed=\"\" data-prefix=\"fab\" data-icon=\"instagram\" role=\"img\" viewBox=\"0 0 448 512\"><path fill=\"currentColor\" d=\"M224.1 141c-63.6 0-114.9 51.3-114.9 114.9s51.3 114.9 114.9 114.9S339 319.5 339 255.9 287.7 141 224.1 141zm0 189.6c-41.1 0-74.7-33.5-74.7-74.7s33.5-74.7 74.7-74.7 74.7 33.5 74.7 74.7-33.6 74.7-74.7 74.7zm146.4-194.3c0 14.9-12 26.8-26.8 26.8-14.9 0-26.8-12-26.8-26.8s12-26.8 26.8-26.8 26.8 12 26.8 26.8zm76.1 27.2c-1.7-35.9-9.9-67.7-36.2-93.9-26.2-26.2-58-34.4-93.9-36.2-37-2.1-147.9-2.1-184.9 0-35.8 1.7-67.6 9.9-93.9 36.1s-34.4 58-36.2 93.9c-2.1 37-2.1 147.9 0 184.9 1.7 35.9 9.9 67.7 36.2 93.9s58 34.4 93.9 36.2c37 2.1 147.9 2.1 184.9 0 35.9-1.7 67.7-9.9 93.9-36.2 26.2-26.2 34.4-58 36.2-93.9 2.1-37 2.1-147.8 0-184.8zM398.8 388c-7.8 19.6-22.9 34.7-42.6 42.6-29.5 11.7-99.5 9-132.1 9s-102.7 2.6-132.1-9c-19.6-7.8-34.7-22.9-42.6-42.6-11.7-29.5-9-99.5-9-132.1s-2.6-102.7 9-132.1c7.8-19.6 22.9-34.7 42.6-42.6 29.5-11.7 99.5-9 132.1-9s102.7-2.6 132.1 9c19.6 7.8 34.7 22.9 42.6 42.6 11.7 29.5 9 99.5 9 132.1s2.7 102.7-9 132.1z\"><\/path><\/svg>\t\t\t<\/div>\n\t\t\t<img decoding=\"async\"   src=\"https:\/\/capsantafe.online\/cssappsf\/wp-content\/uploads\/sb-instagram-feed-images\/capsantafe.jpg\" alt=\"\" width=\"84\" height=\"84\">\n\t\t\t<\/div>\n\n\t\t\t<div class=\"sbi_feedtheme_header_text\">\n\t\t\t\t<div class=\"sbi_feedtheme_title_wrapper\">\n\t\t\t\t\t<h3  style=\"color: rgb(177,162,118);\">\n\t\t\t\t\t\tcapsantafe\t\t\t\t\t<\/h3>\n\n\t\t\t\t\t\t\t\t\t\t\t<div\n\t\t\t\t\t\t\tclass=\"sbi_bio_info\">\n\n\t\t\t\t\t\t\t\t\t<span\n\t\t\tclass=\"sbi_posts_count\"  style=\"color: rgb(177,162,118);\"\t\t\taria-label=\"429 posts\"\n\t\t\t >\n\t\t\t429 Posts\t\t<\/span>\n\t\t\t\t<span\n\t\t\t\tclass=\"sbi_followers\"  style=\"color: rgb(177,162,118);\"\t\t\t\taria-label=\"3142 followers\" \n\t\t\t\t >\n\t\t\t\t3.142 Followers\t\t\t<\/span>\n\t\t\t\t\t\t\t\t<\/div>\n\t\t\t\t\t\t\t\t\t<\/div>\n\n\t\t\t\t\t<p class=\"sbi_bio\" style=\"color: rgb(177,162,118);\">\n\t\t\u2696\ufe0f Caja de Seguridad Social de Abogados y Procuradores de la Provincia de Santa Fe<br>\n\u2b07\ufe0f Comun\u00edcate con nosotros\t<\/p>\n\t\t\t<\/div>\n\t\t<\/div>\n\t<\/a>\n\n\t\n\t<\/div>\n\n\t<div id=\"sbi_images\" style=\"gap: 10px;\">\n\t\t<div class=\"sbi_item sbi_type_image sbi_new sbi_transition\"\n\t id=\"sbi_18093020444512294\" data-date=\"1773750608\"\n\t data-numcomments=\"0\" data-template=ft_single_post>\n\t<div class=\"sbi_inner_wrap\" >\n\n\t\t\t\t\t<div class=\"sbi-user-info\"  >\n\t\t\t\t\t\t\t\t\t<img decoding=\"async\" class=\"sbi-feedtheme-avatar\" src=\"https:\/\/scontent.cdninstagram.com\/v\/t51.82787-19\/659042118_18097369154084747_8390357549240321282_n.jpg?stp=dst-jpg_s206x206_tt6&amp;_nc_cat=104&amp;ccb=7-5&amp;_nc_sid=bf7eb4&amp;efg=eyJ2ZW5jb2RlX3RhZyI6InByb2ZpbGVfcGljLnd3dy4xMDgwLkMzIn0%3D&amp;_nc_ohc=VH_XJTntb3kQ7kNvwGEh0zx&amp;_nc_oc=Adoe3g0T47R8-3HYxjK20J4LB4sHugMDwWvTAit99ixn2uI40s7VtGbP7tFJGBTWNvOWPBBL4lGcSt0727ZQQhoz&amp;_nc_zt=24&amp;_nc_ht=scontent.cdninstagram.com&amp;edm=AP4hL3IEAAAA&amp;_nc_gid=-mNSNVescOLIQ2BKyVTO7A&amp;_nc_tpa=Q5bMBQFWoTeeLVk60XPg9MLrS-pbE9JNdFJ0pKwE75uSRruWhuiBxEn81bgiNZLVy12jAOvet1wha6mNkw&amp;oh=00_Af36qJ7YMchVGUhS3f4O12gS7FKlyfnT0GywZC1mcbX-QQ&amp;oe=69F8B2DE\"\n\t\t\t\t\t\t alt=\"capsantafe avatar\"\/>\n\t\t\t\t\n\t\t\t\t<div class=\"sbi-user-info-inner\">\n\t\t\t\t\t<strong>capsantafe<\/strong>\n\n\t\t\t\t\t\n\t\t\t\t\t\t\t\t\t\t\t<span >Mar 17<\/span>\n\t\t\t\t\t\t\t\t\t<\/div>\n\n\t\t\t\t\n\t\t\t<\/div>\n\t\t\n\t\t\t<div class=\"sbi_photo_wrap\" >\n\t\t\t\t\t\t\n\t\t<div  style=\"background: rgba(0,0,0,0.85)\"  class=\"sbi_link \" >\n\t\t\t<div class=\"sbi_hover_top\">\n\n\t\t\t\t\t<p class=\"sbi_username\" >\n\t\t\t\t\t<a target=\"_blank\" rel=\"nofollow noopener\"\n\t\t\t\thref=\"https:\/\/www.instagram.com\/capsantafe\/\" \t\t\t\ttabindex=\"-1\">\n\t\t\t\t\t\t\t\t\t<span >@<\/span>\n\t\t\t\t\n\t\t\t\t\tcapsantafe\t\t\t<\/a>\n\t\t\n\t\t\t\t\t<span\n\t\t\t\tclass=\"sbi-hover-top-inner\"  >\n\t\t\t\t<span class=\"sbi-separator\"> . <\/span>\n\t\t\t\t<span class=\"sbi_username-date\">\n\t\t\t\t\tMar 17\t\t\t\t<\/span>\n\t\t\t<\/span>\n\t\t\t<\/p>\n\t<p class=\"sbi_hover_caption_wrap\"\n\t\t>\n\t\t<span\n\t\t\tclass=\"sbi_caption\">Fortalecemos la gesti\u00f3n profesional en todo el territorio provincial:<br><br>Con el objetivo de optimizar y actualizar los procesos administrativos vinculados al ejercicio de la abogac\u00eda y la procuraci\u00f3n, nuestra Instituci\u00f3n recibi\u00f3 en el Sal\u00f3n de Directorio de la Sede Santa Fe a autoridades de los Colegios de Abogados de la Provincia.<br><br>En este contexto de articulaci\u00f3n institucional, se llev\u00f3 adelante la firma de la documentaci\u00f3n necesaria para la regularizaci\u00f3n y puesta en marcha del Sistema de Boleta \u00danica de Iniciaci\u00f3n de Juicios, incorporando la modalidad de pago mediante c\u00f3digo QR.<br><br>Participaron de la jornada, en representaci\u00f3n de Banco Galicia S.A. como entidad facilitadora:<br>\u2022 David Fabbro (Gerente de Nodo)<br>\u2022 Guillermo Berdeal (Team Leader de Sector P\u00fablico)<br>\u2022 Mara G\u00f3mez (Ejecutiva de Sector P\u00fablico)<br><br>Hacia un ejercicio profesional m\u00e1s \u00e1gil y seguro<br><br>Este avance constituye un paso clave en el proceso de modernizaci\u00f3n. La incorporaci\u00f3n del pago con QR mejora los niveles de seguridad y eficiencia, al tiempo que brinda mayor practicidad para que cada afiliado y afiliada gestione sus tr\u00e1mites de forma \u00e1gil e inmediata.<br><br>Continuamos desarrollando herramientas tecnol\u00f3gicas que acompa\u00f1en y simplifiquen la tarea diaria de nuestros profesionales.<br><br>#seguridadsocial #SantaFe #BoletaUnicaQR #InnovacionJudicial<\/span>\n\t<\/p>\n\n\t\t\t<\/div>\n\n\t\t\t\t\t\t\t<a class=\"sbi_instagram_link\" target=\"_blank\" rel=\"nofollow noopener\"\n\t\t\t\t   href=\"https:\/\/www.instagram.com\/p\/DV_E1U_AIrR\/\" >\n\t\t\t\t\t<span class=\"sbi-screenreader\">\n\t\t\t\t\t\tView Instagram post by capsantafe\t\t\t\t\t<\/span>\n\t\t\t\t\t<svg class=\"svg-inline--fa fa-instagram fa-w-14\" aria-hidden=\"true\" data-fa-processed=\"\" aria-label=\"Instagram\" data-prefix=\"fab\" data-icon=\"instagram\" role=\"img\" viewBox=\"0 0 448 512\">\n                    <path fill=\"currentColor\" d=\"M224.1 141c-63.6 0-114.9 51.3-114.9 114.9s51.3 114.9 114.9 114.9S339 319.5 339 255.9 287.7 141 224.1 141zm0 189.6c-41.1 0-74.7-33.5-74.7-74.7s33.5-74.7 74.7-74.7 74.7 33.5 74.7 74.7-33.6 74.7-74.7 74.7zm146.4-194.3c0 14.9-12 26.8-26.8 26.8-14.9 0-26.8-12-26.8-26.8s12-26.8 26.8-26.8 26.8 12 26.8 26.8zm76.1 27.2c-1.7-35.9-9.9-67.7-36.2-93.9-26.2-26.2-58-34.4-93.9-36.2-37-2.1-147.9-2.1-184.9 0-35.8 1.7-67.6 9.9-93.9 36.1s-34.4 58-36.2 93.9c-2.1 37-2.1 147.9 0 184.9 1.7 35.9 9.9 67.7 36.2 93.9s58 34.4 93.9 36.2c37 2.1 147.9 2.1 184.9 0 35.9-1.7 67.7-9.9 93.9-36.2 26.2-26.2 34.4-58 36.2-93.9 2.1-37 2.1-147.8 0-184.8zM398.8 388c-7.8 19.6-22.9 34.7-42.6 42.6-29.5 11.7-99.5 9-132.1 9s-102.7 2.6-132.1-9c-19.6-7.8-34.7-22.9-42.6-42.6-11.7-29.5-9-99.5-9-132.1s-2.6-102.7 9-132.1c7.8-19.6 22.9-34.7 42.6-42.6 29.5-11.7 99.5-9 132.1-9s102.7-2.6 132.1 9c19.6 7.8 34.7 22.9 42.6 42.6 11.7 29.5 9 99.5 9 132.1s2.7 102.7-9 132.1z\"><\/path>\n                <\/svg>\t\t\t\t<\/a>\n\t\t\t\n\t\t\t<div class=\"sbi_hover_bottom \" >\n\n\t\t\t\t\t\t\t\t\t<p>\n\t\t\t\t\t\t\t\t\t\t\t<\/p>\n\t\t\t\t\n\t\t\t\t\t\t\t\t\t<div\n\t\t\t\t\t\tclass=\"sbi_meta\" >\n\n\t\t\t\t\t\t\t<span\n\t\tclass=\"sbi_likes\" style=\"font-size: 20px;\" >\n\t\t<svg  style=\"font-size: 20px;\" viewBox=\"0 0 24 24\" fill=\"none\" xmlns=\"http:\/\/www.w3.org\/2000\/svg\"><path\n\t\t\t\td=\"M20.5829 6.53131C19.8157 4.95685 17.6058 3.66865 15.0351 4.41867C13.8067 4.77349 12.735 5.53441 11.995 6.57711C11.255 5.53441 10.1832 4.77349 8.95482 4.41867C6.37843 3.6801 4.17419 4.95685 3.40699 6.53131C2.33064 8.73555 2.77721 11.2146 4.73527 13.8998C6.26965 16.001 8.46245 18.1308 11.6457 20.6041C11.7463 20.6826 11.8702 20.7252 11.9978 20.7252C12.1254 20.7252 12.2493 20.6826 12.3499 20.6041C15.5275 18.1365 17.726 16.0239 19.2604 13.8998C21.2127 11.2146 21.6593 8.73555 20.5829 6.53131Z\"\n\t\t\t\tfill=\"currentColor\"\/><\/svg>\n\t\t19\t<\/span>\n\t<span\n\t\tclass=\"sbi_comments\" style=\"font-size: 20px;\" >\n\t\t<svg  style=\"font-size: 20px;\" viewBox=\"0 0 25 25\" fill=\"none\" xmlns=\"http:\/\/www.w3.org\/2000\/svg\"><path fill-rule=\"evenodd\" clip-rule=\"evenodd\" d=\"M12.5 20.4531C16.6421 20.4531 20 17.0953 20 12.9531C20 8.81099 16.6421 5.45312 12.5 5.45312C8.35786 5.45312 5 8.81099 5 12.9531C5 14.6417 5.55805 16.2 6.49978 17.4536L5.21708 20.019C5.11735 20.2184 5.2624 20.4531 5.48541 20.4531H12.5Z\" fill=\"currentColor\"\/><\/svg>\n\t\t0\t<\/span>\n\t\t\t\t\t<\/div>\n\t\t\t\t\n\t\t\t<\/div>\n\n\t\t\t<a class=\"sbi_link_area nofancybox\" rel=\"nofollow noopener\" href=\"https:\/\/scontent.cdninstagram.com\/v\/t51.82787-15\/652295770_18095496740084747_426942470286190052_n.jpg?stp=dst-jpg_e35_tt6&#038;_nc_cat=107&#038;ccb=7-5&#038;_nc_sid=18de74&#038;efg=eyJlZmdfdGFnIjoiRkVFRC5iZXN0X2ltYWdlX3VybGdlbi5DMyJ9&#038;_nc_ohc=EhupDARTA-EQ7kNvwHspk4W&#038;_nc_oc=AdpEGOGXwOLZB-ZXWE9v7pwiqpoU6FKfaCe5GrbhMuJRjj23-FXgCjb5ZpHwZ1yNpJthl8BfLogq5Nlq4YoL2mWt&#038;_nc_zt=23&#038;_nc_ht=scontent.cdninstagram.com&#038;edm=ANo9K5cEAAAA&#038;_nc_gid=CXW8pW3OvcoRmdhTYkm-ug&#038;_nc_tpa=Q5bMBQGTdfl7WXqrz5tbSnDfctOGXH7lwb1I8Goe59_rNiPVNWIfd7cvHQcZ_6Au0BvPypfYEvv7eW9COg&#038;oh=00_Af2cRZkrxSMD-xNQb7SUdWzR7UMNZ10lfgBZx56jOcKQgw&#038;oe=69F8BB09\"\n\t\t\t   data-lightbox-sbi=\"\"\n\t\t\t   data-title=\"Fortalecemos la gesti\u00f3n profesional en todo el territorio provincial:&lt;br&gt;\n&lt;br&gt;\nCon el objetivo de optimizar y actualizar los procesos administrativos vinculados al ejercicio de la abogac\u00eda y la procuraci\u00f3n, nuestra Instituci\u00f3n recibi\u00f3 en el Sal\u00f3n de Directorio de la Sede Santa Fe a autoridades de los Colegios de Abogados de la Provincia.&lt;br&gt;\n&lt;br&gt;\nEn este contexto de articulaci\u00f3n institucional, se llev\u00f3 adelante la firma de la documentaci\u00f3n necesaria para la regularizaci\u00f3n y puesta en marcha del Sistema de Boleta \u00danica de Iniciaci\u00f3n de Juicios, incorporando la modalidad de pago mediante c\u00f3digo QR.&lt;br&gt;\n&lt;br&gt;\nParticiparon de la jornada, en representaci\u00f3n de Banco Galicia S.A. como entidad facilitadora:&lt;br&gt;\n\u2022 David Fabbro (Gerente de Nodo)&lt;br&gt;\n\u2022 Guillermo Berdeal (Team Leader de Sector P\u00fablico)&lt;br&gt;\n\u2022 Mara G\u00f3mez (Ejecutiva de Sector P\u00fablico)&lt;br&gt;\n&lt;br&gt;\nHacia un ejercicio profesional m\u00e1s \u00e1gil y seguro&lt;br&gt;\n&lt;br&gt;\nEste avance constituye un paso clave en el proceso de modernizaci\u00f3n. La incorporaci\u00f3n del pago con QR mejora los niveles de seguridad y eficiencia, al tiempo que brinda mayor practicidad para que cada afiliado y afiliada gestione sus tr\u00e1mites de forma \u00e1gil e inmediata.&lt;br&gt;\n&lt;br&gt;\nContinuamos desarrollando herramientas tecnol\u00f3gicas que acompa\u00f1en y simplifiquen la tarea diaria de nuestros profesionales.&lt;br&gt;\n&lt;br&gt;\n#seguridadsocial #SantaFe #BoletaUnicaQR #InnovacionJudicial\"\n\t\t\t   data-video=\"\"\n\t\t\t   data-carousel=\"\"\n\t\t\t   data-id=\"sbi_18093020444512294\" data-user=\"capsantafe\"\n\t\t\t   data-url=\"https:\/\/www.instagram.com\/p\/DV_E1U_AIrR\/\" data-avatar=\"https:\/\/scontent.cdninstagram.com\/v\/t51.82787-19\/659042118_18097369154084747_8390357549240321282_n.jpg?stp=dst-jpg_s206x206_tt6&amp;_nc_cat=104&amp;ccb=7-5&amp;_nc_sid=bf7eb4&amp;efg=eyJ2ZW5jb2RlX3RhZyI6InByb2ZpbGVfcGljLnd3dy4xMDgwLkMzIn0%3D&amp;_nc_ohc=VH_XJTntb3kQ7kNvwGEh0zx&amp;_nc_oc=Adoe3g0T47R8-3HYxjK20J4LB4sHugMDwWvTAit99ixn2uI40s7VtGbP7tFJGBTWNvOWPBBL4lGcSt0727ZQQhoz&amp;_nc_zt=24&amp;_nc_ht=scontent.cdninstagram.com&amp;edm=AP4hL3IEAAAA&amp;_nc_gid=-mNSNVescOLIQ2BKyVTO7A&amp;_nc_tpa=Q5bMBQFWoTeeLVk60XPg9MLrS-pbE9JNdFJ0pKwE75uSRruWhuiBxEn81bgiNZLVy12jAOvet1wha6mNkw&amp;oh=00_Af36qJ7YMchVGUhS3f4O12gS7FKlyfnT0GywZC1mcbX-QQ&amp;oe=69F8B2DE\"\n\t\t\t   data-account-type=\"business\"\n\t\t\t   data-iframe=''\n\t\t\t   data-media-type=\"feed\"\n\t\t\t   data-posted-on=\"\"\n\t\t\t   data-custom-avatar=\"\">\n\t\t\t\t<span class=\"sbi-screenreader\">\n\t\t\t\t\tOpen post by capsantafe with ID 18093020444512294\t\t\t\t<\/span>\n\t\t\t\t\t\t\t<\/a>\n\t\t<\/div>\n\n\t\t<a class=\"sbi_photo\" target=\"_blank\" rel=\"nofollow noopener\" href=\"https:\/\/www.instagram.com\/p\/DV_E1U_AIrR\/\"\n\t\t   data-full-res=\"https:\/\/scontent.cdninstagram.com\/v\/t51.82787-15\/652295770_18095496740084747_426942470286190052_n.jpg?stp=dst-jpg_e35_tt6&#038;_nc_cat=107&#038;ccb=7-5&#038;_nc_sid=18de74&#038;efg=eyJlZmdfdGFnIjoiRkVFRC5iZXN0X2ltYWdlX3VybGdlbi5DMyJ9&#038;_nc_ohc=EhupDARTA-EQ7kNvwHspk4W&#038;_nc_oc=AdpEGOGXwOLZB-ZXWE9v7pwiqpoU6FKfaCe5GrbhMuJRjj23-FXgCjb5ZpHwZ1yNpJthl8BfLogq5Nlq4YoL2mWt&#038;_nc_zt=23&#038;_nc_ht=scontent.cdninstagram.com&#038;edm=ANo9K5cEAAAA&#038;_nc_gid=CXW8pW3OvcoRmdhTYkm-ug&#038;_nc_tpa=Q5bMBQGTdfl7WXqrz5tbSnDfctOGXH7lwb1I8Goe59_rNiPVNWIfd7cvHQcZ_6Au0BvPypfYEvv7eW9COg&#038;oh=00_Af2cRZkrxSMD-xNQb7SUdWzR7UMNZ10lfgBZx56jOcKQgw&#038;oe=69F8BB09\"\n\t\t   data-img-src-set=\"{&quot;d&quot;:&quot;https:\\\/\\\/scontent.cdninstagram.com\\\/v\\\/t51.82787-15\\\/652295770_18095496740084747_426942470286190052_n.jpg?stp=dst-jpg_e35_tt6&amp;_nc_cat=107&amp;ccb=7-5&amp;_nc_sid=18de74&amp;efg=eyJlZmdfdGFnIjoiRkVFRC5iZXN0X2ltYWdlX3VybGdlbi5DMyJ9&amp;_nc_ohc=EhupDARTA-EQ7kNvwHspk4W&amp;_nc_oc=AdpEGOGXwOLZB-ZXWE9v7pwiqpoU6FKfaCe5GrbhMuJRjj23-FXgCjb5ZpHwZ1yNpJthl8BfLogq5Nlq4YoL2mWt&amp;_nc_zt=23&amp;_nc_ht=scontent.cdninstagram.com&amp;edm=ANo9K5cEAAAA&amp;_nc_gid=CXW8pW3OvcoRmdhTYkm-ug&amp;_nc_tpa=Q5bMBQGTdfl7WXqrz5tbSnDfctOGXH7lwb1I8Goe59_rNiPVNWIfd7cvHQcZ_6Au0BvPypfYEvv7eW9COg&amp;oh=00_Af2cRZkrxSMD-xNQb7SUdWzR7UMNZ10lfgBZx56jOcKQgw&amp;oe=69F8BB09&quot;,&quot;150&quot;:&quot;https:\\\/\\\/scontent.cdninstagram.com\\\/v\\\/t51.82787-15\\\/652295770_18095496740084747_426942470286190052_n.jpg?stp=dst-jpg_e35_tt6&amp;_nc_cat=107&amp;ccb=7-5&amp;_nc_sid=18de74&amp;efg=eyJlZmdfdGFnIjoiRkVFRC5iZXN0X2ltYWdlX3VybGdlbi5DMyJ9&amp;_nc_ohc=EhupDARTA-EQ7kNvwHspk4W&amp;_nc_oc=AdpEGOGXwOLZB-ZXWE9v7pwiqpoU6FKfaCe5GrbhMuJRjj23-FXgCjb5ZpHwZ1yNpJthl8BfLogq5Nlq4YoL2mWt&amp;_nc_zt=23&amp;_nc_ht=scontent.cdninstagram.com&amp;edm=ANo9K5cEAAAA&amp;_nc_gid=CXW8pW3OvcoRmdhTYkm-ug&amp;_nc_tpa=Q5bMBQGTdfl7WXqrz5tbSnDfctOGXH7lwb1I8Goe59_rNiPVNWIfd7cvHQcZ_6Au0BvPypfYEvv7eW9COg&amp;oh=00_Af2cRZkrxSMD-xNQb7SUdWzR7UMNZ10lfgBZx56jOcKQgw&amp;oe=69F8BB09&quot;,&quot;320&quot;:&quot;https:\\\/\\\/scontent.cdninstagram.com\\\/v\\\/t51.82787-15\\\/652295770_18095496740084747_426942470286190052_n.jpg?stp=dst-jpg_e35_tt6&amp;_nc_cat=107&amp;ccb=7-5&amp;_nc_sid=18de74&amp;efg=eyJlZmdfdGFnIjoiRkVFRC5iZXN0X2ltYWdlX3VybGdlbi5DMyJ9&amp;_nc_ohc=EhupDARTA-EQ7kNvwHspk4W&amp;_nc_oc=AdpEGOGXwOLZB-ZXWE9v7pwiqpoU6FKfaCe5GrbhMuJRjj23-FXgCjb5ZpHwZ1yNpJthl8BfLogq5Nlq4YoL2mWt&amp;_nc_zt=23&amp;_nc_ht=scontent.cdninstagram.com&amp;edm=ANo9K5cEAAAA&amp;_nc_gid=CXW8pW3OvcoRmdhTYkm-ug&amp;_nc_tpa=Q5bMBQGTdfl7WXqrz5tbSnDfctOGXH7lwb1I8Goe59_rNiPVNWIfd7cvHQcZ_6Au0BvPypfYEvv7eW9COg&amp;oh=00_Af2cRZkrxSMD-xNQb7SUdWzR7UMNZ10lfgBZx56jOcKQgw&amp;oe=69F8BB09&quot;,&quot;640&quot;:&quot;https:\\\/\\\/scontent.cdninstagram.com\\\/v\\\/t51.82787-15\\\/652295770_18095496740084747_426942470286190052_n.jpg?stp=dst-jpg_e35_tt6&amp;_nc_cat=107&amp;ccb=7-5&amp;_nc_sid=18de74&amp;efg=eyJlZmdfdGFnIjoiRkVFRC5iZXN0X2ltYWdlX3VybGdlbi5DMyJ9&amp;_nc_ohc=EhupDARTA-EQ7kNvwHspk4W&amp;_nc_oc=AdpEGOGXwOLZB-ZXWE9v7pwiqpoU6FKfaCe5GrbhMuJRjj23-FXgCjb5ZpHwZ1yNpJthl8BfLogq5Nlq4YoL2mWt&amp;_nc_zt=23&amp;_nc_ht=scontent.cdninstagram.com&amp;edm=ANo9K5cEAAAA&amp;_nc_gid=CXW8pW3OvcoRmdhTYkm-ug&amp;_nc_tpa=Q5bMBQGTdfl7WXqrz5tbSnDfctOGXH7lwb1I8Goe59_rNiPVNWIfd7cvHQcZ_6Au0BvPypfYEvv7eW9COg&amp;oh=00_Af2cRZkrxSMD-xNQb7SUdWzR7UMNZ10lfgBZx56jOcKQgw&amp;oe=69F8BB09&quot;}\"\n\t\t   tabindex=\"-1\">\n\t\t\t<img decoding=\"async\" src=\"https:\/\/capsantafe.online\/cssappsf\/wp-content\/plugins\/instagram-feed-pro\/img\/placeholder.png\" alt=\"Fortalecemos la gesti\u00f3n profesional en todo el territorio provincial:\n\nCon el objetivo de optimizar y actualizar los procesos administrativos vinculados al ejercicio de la abogac\u00eda y la procuraci\u00f3n, nuestra Instituci\u00f3n recibi\u00f3 en el Sal\u00f3n de Directorio de la Sede Santa Fe a autoridades de los Colegios de Abogados de la Provincia.\n\nEn este contexto de articulaci\u00f3n institucional, se llev\u00f3 adelante la firma de la documentaci\u00f3n necesaria para la regularizaci\u00f3n y puesta en marcha del Sistema de Boleta \u00danica de Iniciaci\u00f3n de Juicios, incorporando la modalidad de pago mediante c\u00f3digo QR.\n\nParticiparon de la jornada, en representaci\u00f3n de Banco Galicia S.A. como entidad facilitadora:\n\u2022 David Fabbro (Gerente de Nodo)\n\u2022 Guillermo Berdeal (Team Leader de Sector P\u00fablico)\n\u2022 Mara G\u00f3mez (Ejecutiva de Sector P\u00fablico)\n\nHacia un ejercicio profesional m\u00e1s \u00e1gil y seguro\n\nEste avance constituye un paso clave en el proceso de modernizaci\u00f3n. La incorporaci\u00f3n del pago con QR mejora los niveles de seguridad y eficiencia, al tiempo que brinda mayor practicidad para que cada afiliado y afiliada gestione sus tr\u00e1mites de forma \u00e1gil e inmediata.\n\nContinuamos desarrollando herramientas tecnol\u00f3gicas que acompa\u00f1en y simplifiquen la tarea diaria de nuestros profesionales.\n\n#seguridadsocial #SantaFe #BoletaUnicaQR #InnovacionJudicial\">\n\t\t<\/a>\n\t<\/div>\n\n\n\t\t\n\t\t<div class=\"sbi_info_wrapper\">\n\t\t\t<div class=\"sbi_info \">\n\n\t\t\t\t\n\t\t\t\t<div class=\"sbi_meta_wrap\">\n\t\t\t\t\t\t\t\t\t\t\t<div\n\t\t\t\t\t\t\tclass=\"sbi_meta\"  style=\"color: rgb(20,31,51);\">\n\t\t\t\t\t\t\t\t<span\n\t\tclass=\"sbi_likes\"  style=\"font-size: 20px;color: rgb(20,31,51);\" \t\taria-label=\"19 likes\">\n\t\t<span>\n\t\t\t<svg  style=\"font-size: 20px;color: rgb(20,31,51);\" viewBox=\"0 0 16 17\" fill=\"none\"\n\t\t\t\t\t\t\t\t\t\t\t\t\t\t\txmlns=\"http:\/\/www.w3.org\/2000\/svg\">\n\t\t\t\t<path\n\t\t\t\t\td=\"M13.722 4.80473C13.2105 3.75509 11.7372 2.89629 10.0234 3.3963C9.20448 3.63285 8.48998 4.14013 7.99664 4.83526C7.50331 4.14013 6.78881 3.63285 5.96988 3.3963C4.25229 2.90392 2.78279 3.75509 2.27133 4.80473C1.55376 6.27422 1.85147 7.92693 3.15684 9.71705C4.17977 11.1178 5.64163 12.5377 7.76381 14.1866C7.83088 14.2389 7.9135 14.2673 7.99855 14.2673C8.0836 14.2673 8.16622 14.2389 8.23329 14.1866C10.3517 12.5415 11.8173 11.1331 12.8403 9.71705C14.1418 7.92693 14.4395 6.27422 13.722 4.80473V4.80473Z\"\n\t\t\t\t\tstroke=\"currentColor\" stroke-linejoin=\"round\"\/>\n\t\t\t<\/svg>\n\t\t<\/span>\n\t\t19\t<\/span>\n\t<span\n\t\tclass=\"sbi_comments\"  style=\"font-size: 20px;color: rgb(20,31,51);\" \t\taria-label=\"0 comments\">\n\t\t<span>\n\t\t\t<svg  style=\"font-size: 20px;color: rgb(20,31,51);\" viewBox=\"0 0 16 17\" fill=\"none\">\n\t\t\t\t<path\n\t\t\t\t\td=\"M3.99985 11.5003L4.44707 11.7239C4.53183 11.5544 4.51345 11.3515 4.39961 11.2L3.99985 11.5003ZM3 13.5L2.55279 13.2764C2.47529 13.4314 2.48357 13.6155 2.57467 13.7629C2.66578 13.9103 2.82671 14 3 14V13.5ZM12.5 8.5C12.5 10.9853 10.4853 13 8 13V14C11.0376 14 13.5 11.5376 13.5 8.5H12.5ZM8 4C10.4853 4 12.5 6.01472 12.5 8.5H13.5C13.5 5.46243 11.0376 3 8 3V4ZM3.5 8.5C3.5 6.01472 5.51472 4 8 4V3C4.96243 3 2.5 5.46243 2.5 8.5H3.5ZM4.39961 11.2C3.83461 10.4479 3.5 9.51374 3.5 8.5H2.5C2.5 9.73774 2.90945 10.8813 3.60009 11.8006L4.39961 11.2ZM3.44721 13.7236L4.44707 11.7239L3.55264 11.2767L2.55279 13.2764L3.44721 13.7236ZM8 13H3V14H8V13Z\"\n\t\t\t\t\tfill=\"currentColor\"\/>\n\t\t\t<\/svg>\n\t\t<\/span>\n\t\t0\t<\/span>\n\n\t\t\t\t\t\t\t\t\t\t\t\t\t\t\t<span\n\t\t\t\t\t\t\t\t\tclass=\"sbi-instagram-icon\"  >\n\t\t\t\t\t\t\t\t\t<a href=\"https:\/\/www.instagram.com\/capsantafe\/\"\n\t\t\t\t\t\t\t\t\t   target=\"_blank\" rel=\"nofollow noopener\">\n\t\t\t\t\t\t\t\t\t\t<img\n\t\t\t\t\t\t\t\t\t\t\tsrc=\"https:\/\/capsantafe.online\/cssappsf\/wp-content\/plugins\/instagram-feed-pro\/img\/theme-assets\/modern-soc-icon.svg\"\n\t\t\t\t\t\t\t\t\t\t\talt=\"instagram icon\">\n\t\t\t\t\t\t\t\t\t<\/a>\n\t\t\t\t\t\t\t\t<\/span>\n\t\t\t\t\t\t\t\t\t\t\t\t\t<\/div>\n\t\t\t\t\t\n\t\t\t\t\t\t\t\t\t<\/div>\n\t\t\t<\/div>\n\t\t<\/div>\n\t<\/div>\n\n\t<div class=\"sbi-divider\"><\/div>\n<\/div>\n\t<\/div>\n\n\t<div id=\"sbi_load\" >\n\n\t\n\t\t\t<span\n\t\t\tclass=\"sbi_follow_btn sbi_custom\" >\n\t\t\t<a target=\"_blank\"\n\t\t\t   rel=\"nofollow noopener\"  href=\"https:\/\/www.instagram.com\/capsantafe\/\" style=\"background: rgb(20,31,51);color: rgb(255,255,255);\">\n\t\t\t\t<svg class=\"svg-inline--fa fa-instagram fa-w-14\" aria-hidden=\"true\" data-fa-processed=\"\" aria-label=\"Instagram\" data-prefix=\"fab\" data-icon=\"instagram\" role=\"img\" viewBox=\"0 0 448 512\">\n                    <path fill=\"currentColor\" d=\"M224.1 141c-63.6 0-114.9 51.3-114.9 114.9s51.3 114.9 114.9 114.9S339 319.5 339 255.9 287.7 141 224.1 141zm0 189.6c-41.1 0-74.7-33.5-74.7-74.7s33.5-74.7 74.7-74.7 74.7 33.5 74.7 74.7-33.6 74.7-74.7 74.7zm146.4-194.3c0 14.9-12 26.8-26.8 26.8-14.9 0-26.8-12-26.8-26.8s12-26.8 26.8-26.8 26.8 12 26.8 26.8zm76.1 27.2c-1.7-35.9-9.9-67.7-36.2-93.9-26.2-26.2-58-34.4-93.9-36.2-37-2.1-147.9-2.1-184.9 0-35.8 1.7-67.6 9.9-93.9 36.1s-34.4 58-36.2 93.9c-2.1 37-2.1 147.9 0 184.9 1.7 35.9 9.9 67.7 36.2 93.9s58 34.4 93.9 36.2c37 2.1 147.9 2.1 184.9 0 35.9-1.7 67.7-9.9 93.9-36.2 26.2-26.2 34.4-58 36.2-93.9 2.1-37 2.1-147.8 0-184.8zM398.8 388c-7.8 19.6-22.9 34.7-42.6 42.6-29.5 11.7-99.5 9-132.1 9s-102.7 2.6-132.1-9c-19.6-7.8-34.7-22.9-42.6-42.6-11.7-29.5-9-99.5-9-132.1s-2.6-102.7 9-132.1c7.8-19.6 22.9-34.7 42.6-42.6 29.5-11.7 99.5-9 132.1-9s102.7-2.6 132.1 9c19.6 7.8 34.7 22.9 42.6 42.6 11.7 29.5 9 99.5 9 132.1s2.7 102.7-9 132.1z\"><\/path>\n                <\/svg>\t\t\t\t<span>\u00a1Sumate con un clic!<\/span>\n\t\t\t<\/a>\n\t\t<\/span>\n\t\n<\/div>\n\n\t\t<span class=\"sbi_resized_image_data\" data-feed-id=\"*21\"\n\t\t  data-resized=\"{&quot;18093020444512294&quot;:{&quot;id&quot;:&quot;652295770_18095496740084747_426942470286190052_n&quot;,&quot;ratio&quot;:&quot;1.27&quot;,&quot;sizes&quot;:{&quot;full&quot;:640,&quot;low&quot;:320,&quot;thumb&quot;:150},&quot;extension&quot;:&quot;.jpg&quot;}}\">\n\t<\/span>\n\t\n<\/div>\n\n\t<style type=\"text\/css\">\n\t\t\t\t\t\t#sb_instagram .sbi_follow_btn a:hover,\n\t\t#sb_instagram .sbi_follow_btn a:focus {\n\t\t\toutline: none;\n\t\t\tbox-shadow: inset 0 0 10px 20px#b1a276;\n\t\t}\n\n\t\t\t<\/style>\n\t<\/div>\n\t\t\t\t\t\t<\/div>\n\t\t\t\t<\/div>\n\t\t\t\t\t<\/div>\n\t\t<\/div>\n\t\t\t\t\t<\/div>\n\t\t<\/section>\n\t\t\t\t<\/div>\n\t\t","protected":false},"excerpt":{"rendered":"<p>Fortaleciendo la gesti\u00f3n profesional en todo el territorio provincial.<\/p>\n","protected":false},"author":7,"featured_media":15900,"comment_status":"closed","ping_status":"closed","sticky":false,"template":"","format":"standard","meta":{"_acf_changed":false,"_eb_attr":"","inline_featured_image":false,"footnotes":""},"categories":[18,104,90],"tags":[105],"class_list":["post-15898","post","type-post","status-publish","format-standard","has-post-thumbnail","hentry","category-de-interes","category-n2026","category-redes","tag-anio-actual"],"acf":[],"_links":{"self":[{"href":"https:\/\/capsantafe.online\/cssappsf\/wp-json\/wp\/v2\/posts\/15898","targetHints":{"allow":["GET"]}}],"collection":[{"href":"https:\/\/capsantafe.online\/cssappsf\/wp-json\/wp\/v2\/posts"}],"about":[{"href":"https:\/\/capsantafe.online\/cssappsf\/wp-json\/wp\/v2\/types\/post"}],"author":[{"embeddable":true,"href":"https:\/\/capsantafe.online\/cssappsf\/wp-json\/wp\/v2\/users\/7"}],"replies":[{"embeddable":true,"href":"https:\/\/capsantafe.online\/cssappsf\/wp-json\/wp\/v2\/comments?post=15898"}],"version-history":[{"count":5,"href":"https:\/\/capsantafe.online\/cssappsf\/wp-json\/wp\/v2\/posts\/15898\/revisions"}],"predecessor-version":[{"id":15904,"href":"https:\/\/capsantafe.online\/cssappsf\/wp-json\/wp\/v2\/posts\/15898\/revisions\/15904"}],"wp:featuredmedia":[{"embeddable":true,"href":"https:\/\/capsantafe.online\/cssappsf\/wp-json\/wp\/v2\/media\/15900"}],"wp:attachment":[{"href":"https:\/\/capsantafe.online\/cssappsf\/wp-json\/wp\/v2\/media?parent=15898"}],"wp:term":[{"taxonomy":"category","embeddable":true,"href":"https:\/\/capsantafe.online\/cssappsf\/wp-json\/wp\/v2\/categories?post=15898"},{"taxonomy":"post_tag","embeddable":true,"href":"https:\/\/capsantafe.online\/cssappsf\/wp-json\/wp\/v2\/tags?post=15898"}],"curies":[{"name":"wp","href":"https:\/\/api.w.org\/{rel}","templated":true}]}}