{"id":8561,"date":"2024-11-14T11:50:10","date_gmt":"2024-11-14T14:50:10","guid":{"rendered":"https:\/\/capsantafe.online\/cssappsf\/?p=8561"},"modified":"2025-03-26T09:00:09","modified_gmt":"2025-03-26T12:00:09","slug":"acuerdo-de-colaboracion-entre-la-caja-y-el-nodo-federal","status":"publish","type":"post","link":"https:\/\/capsantafe.online\/cssappsf\/acuerdo-de-colaboracion-entre-la-caja-y-el-nodo-federal\/","title":{"rendered":"Acuerdo de Colaboraci\u00f3n entre la Caja y el Nodo Federal"},"content":{"rendered":"\t\t<div data-elementor-type=\"wp-post\" data-elementor-id=\"8561\" class=\"elementor elementor-8561\" data-elementor-post-type=\"post\">\n\t\t\t\t\t\t<section data-particle_enable=\"false\" data-particle-mobile-disabled=\"false\" class=\"ob-is-breaking-bad elementor-section elementor-top-section elementor-element elementor-element-568835ad elementor-section-boxed elementor-section-height-default elementor-section-height-default\" data-id=\"568835ad\" data-element_type=\"section\" data-e-type=\"section\" data-settings=\"{&quot;_ob_bbad_use_it&quot;:&quot;yes&quot;,&quot;_ob_bbad_sssic_use&quot;:&quot;no&quot;,&quot;_ob_glider_is_slider&quot;:&quot;no&quot;,&quot;ekit_has_onepagescroll_dot&quot;:&quot;yes&quot;}\">\n\t\t\t\t\t\t<div class=\"elementor-container elementor-column-gap-default\">\n\t\t\t\t\t<div class=\"elementor-column elementor-col-100 elementor-top-column elementor-element elementor-element-5f0536d6\" data-id=\"5f0536d6\" data-element_type=\"column\" data-e-type=\"column\" data-settings=\"{&quot;_ob_bbad_is_stalker&quot;:&quot;no&quot;,&quot;_ob_teleporter_use&quot;:false,&quot;_ob_column_hoveranimator&quot;:&quot;no&quot;,&quot;_ob_column_has_pseudo&quot;:&quot;no&quot;}\">\n\t\t\t<div class=\"elementor-widget-wrap elementor-element-populated\">\n\t\t\t\t\t\t<div class=\"elementor-element elementor-element-9f6b93d ob-harakiri-inherit ob-has-background-overlay elementor-widget elementor-widget-heading\" data-id=\"9f6b93d\" data-element_type=\"widget\" data-e-type=\"widget\" data-settings=\"{&quot;_ob_use_harakiri&quot;:&quot;yes&quot;,&quot;_ob_harakiri_writing_mode&quot;:&quot;inherit&quot;,&quot;_ob_harakiri_text_clip&quot;:&quot;none&quot;,&quot;_ob_perspektive_use&quot;:&quot;no&quot;,&quot;ekit_we_effect_on&quot;:&quot;none&quot;,&quot;_ob_poopart_use&quot;:&quot;yes&quot;,&quot;_ob_shadough_use&quot;:&quot;no&quot;,&quot;_ob_allow_hoveranimator&quot;:&quot;no&quot;,&quot;_ob_widget_stalker_use&quot;:&quot;no&quot;}\" data-widget_type=\"heading.default\">\n\t\t\t\t<div class=\"elementor-widget-container\">\n\t\t\t\t\t<h2 class=\"elementor-heading-title elementor-size-default\">Importante herramienta para el ejercicio de la profesi\u00f3n disponible para todos los afiliados de la provincia, que permitir\u00e1 la b\u00fasqueda de antecedentes sobre personas f\u00edsicas y\/o jur\u00eddicas a trav\u00e9s de la web del Nodo Federal, a bajo costo.<\/h2>\t\t\t\t<\/div>\n\t\t\t\t<\/div>\n\t\t\t\t<div class=\"elementor-element elementor-element-df0e11f ob-has-background-overlay elementor-widget elementor-widget-spacer\" data-id=\"df0e11f\" data-element_type=\"widget\" data-e-type=\"widget\" data-settings=\"{&quot;_ob_spacerat_use&quot;:&quot;no&quot;,&quot;_ob_perspektive_use&quot;:&quot;no&quot;,&quot;ekit_we_effect_on&quot;:&quot;none&quot;,&quot;_ob_poopart_use&quot;:&quot;yes&quot;,&quot;_ob_shadough_use&quot;:&quot;no&quot;,&quot;_ob_allow_hoveranimator&quot;:&quot;no&quot;,&quot;_ob_widget_stalker_use&quot;:&quot;no&quot;}\" data-widget_type=\"spacer.default\">\n\t\t\t\t<div class=\"elementor-widget-container\">\n\t\t\t\t\t\t\t<div class=\"elementor-spacer\">\n\t\t\t<div class=\"elementor-spacer-inner\"><\/div>\n\t\t<\/div>\n\t\t\t\t\t\t<\/div>\n\t\t\t\t<\/div>\n\t\t\t\t<div class=\"elementor-element elementor-element-d5ab3db ob-harakiri-inherit ob-has-background-overlay elementor-widget elementor-widget-text-editor\" data-id=\"d5ab3db\" data-element_type=\"widget\" data-e-type=\"widget\" data-settings=\"{&quot;_ob_use_harakiri&quot;:&quot;yes&quot;,&quot;_ob_harakiri_writing_mode&quot;:&quot;inherit&quot;,&quot;_ob_postman_use&quot;:&quot;no&quot;,&quot;_ob_perspektive_use&quot;:&quot;no&quot;,&quot;ekit_we_effect_on&quot;:&quot;none&quot;,&quot;_ob_poopart_use&quot;:&quot;yes&quot;,&quot;_ob_shadough_use&quot;:&quot;no&quot;,&quot;_ob_allow_hoveranimator&quot;:&quot;no&quot;,&quot;_ob_widget_stalker_use&quot;:&quot;no&quot;}\" data-widget_type=\"text-editor.default\">\n\t\t\t\t<div class=\"elementor-widget-container\">\n\t\t\t\t\t\t\t\t\t<p style=\"text-indent: 100px; text-align: justify;\">Te recordamos que sigue vigente el acuerdo firmado el 30\/05\/2023 y cuyo <span style=\"text-decoration: underline;\"><strong>objetivo<\/strong><\/span> es que el <strong>Centro Comercial de Santa Fe Asociaci\u00f3n Mutual<\/strong> brindar\u00e1 a todas y todos los afiliados de la <strong>Caja<\/strong> la informaci\u00f3n sobre personas f\u00edsicas y\/o jur\u00eddicas referida a antecedentes comerciales, crediticios, bienes registrables y\/o toda otra informaci\u00f3n que se encuentre registrada en sus bases de datos.<\/p>\t\t\t\t\t\t\t\t<\/div>\n\t\t\t\t<\/div>\n\t\t\t\t<div class=\"elementor-element elementor-element-a097756 ob-has-background-overlay elementor-widget elementor-widget-gallery\" data-id=\"a097756\" data-element_type=\"widget\" data-e-type=\"widget\" data-settings=\"{&quot;columns&quot;:3,&quot;gap&quot;:{&quot;unit&quot;:&quot;px&quot;,&quot;size&quot;:15,&quot;sizes&quot;:[]},&quot;overlay_title&quot;:&quot;caption&quot;,&quot;aspect_ratio&quot;:&quot;1:1&quot;,&quot;lazyload&quot;:&quot;yes&quot;,&quot;gallery_layout&quot;:&quot;grid&quot;,&quot;columns_tablet&quot;:2,&quot;columns_mobile&quot;:1,&quot;gap_laptop&quot;:{&quot;unit&quot;:&quot;px&quot;,&quot;size&quot;:10,&quot;sizes&quot;:[]},&quot;gap_tablet&quot;:{&quot;unit&quot;:&quot;px&quot;,&quot;size&quot;:10,&quot;sizes&quot;:[]},&quot;gap_mobile&quot;:{&quot;unit&quot;:&quot;px&quot;,&quot;size&quot;:10,&quot;sizes&quot;:[]},&quot;link_to&quot;:&quot;file&quot;,&quot;overlay_background&quot;:&quot;yes&quot;,&quot;content_hover_animation&quot;:&quot;fade-in&quot;,&quot;_ob_perspektive_use&quot;:&quot;no&quot;,&quot;ekit_we_effect_on&quot;:&quot;none&quot;,&quot;_ob_poopart_use&quot;:&quot;yes&quot;,&quot;_ob_shadough_use&quot;:&quot;no&quot;,&quot;_ob_allow_hoveranimator&quot;:&quot;no&quot;,&quot;_ob_widget_stalker_use&quot;:&quot;no&quot;}\" data-widget_type=\"gallery.default\">\n\t\t\t\t<div class=\"elementor-widget-container\">\n\t\t\t\t\t\t\t<div class=\"elementor-gallery__container\">\r\n\t\t\t\t\t\t\t<a class=\"e-gallery-item elementor-gallery-item elementor-animated-content\" href=\"https:\/\/capsantafe.online\/cssappsf\/wp-content\/uploads\/2023\/06\/Acuerdo_CAJA-MUTUAL_1.jpg\" data-elementor-open-lightbox=\"yes\" data-elementor-lightbox-slideshow=\"a097756\" data-e-action-hash=\"#elementor-action%3Aaction%3Dlightbox%26settings%3DeyJpZCI6ODYxOSwidXJsIjoiaHR0cHM6XC9cL2NhcHNhbnRhZmUub25saW5lXC9jc3NhcHBzZlwvd3AtY29udGVudFwvdXBsb2Fkc1wvMjAyM1wvMDZcL0FjdWVyZG9fQ0FKQS1NVVRVQUxfMS5qcGciLCJzbGlkZXNob3ciOiJhMDk3NzU2In0%3D\">\r\n\t\t\t\t\t<div class=\"e-gallery-image elementor-gallery-item__image\" data-thumbnail=\"https:\/\/capsantafe.online\/cssappsf\/wp-content\/uploads\/2023\/06\/Acuerdo_CAJA-MUTUAL_1.jpg\" data-width=\"525\" data-height=\"700\" aria-label=\"\" role=\"img\" ><\/div>\r\n\t\t\t\t\t\t\t\t\t\t\t<div class=\"elementor-gallery-item__overlay\"><\/div>\r\n\t\t\t\t\t\t\t\t\t\t\t\t\t\t\t<div class=\"elementor-gallery-item__content\">\r\n\t\t\t\t\t\t\t\t\t\t\t\t\t\t<div class=\"elementor-gallery-item__title\">\r\n\t\t\t\t\t\t\t\t\t\t\t\t\t\t\t\t\t\tDr. Jorge Colombo Berra (presidente de la Caja) y Jorge Baremberg (CCSF Asoc. Mutual)\t\t\t\t\t\t\t\t<\/div>\r\n\t\t\t\t\t\t\t\t\t\t\t\t<\/div>\r\n\t\t\t\t\t\t\t\t\t<\/a>\r\n\t\t\t\t\t\t\t<a class=\"e-gallery-item elementor-gallery-item elementor-animated-content\" href=\"https:\/\/capsantafe.online\/cssappsf\/wp-content\/uploads\/2023\/06\/Acuerdo_CAJA-MUTUAL_2.jpg\" data-elementor-open-lightbox=\"yes\" data-elementor-lightbox-slideshow=\"a097756\" data-e-action-hash=\"#elementor-action%3Aaction%3Dlightbox%26settings%3DeyJpZCI6ODYyMCwidXJsIjoiaHR0cHM6XC9cL2NhcHNhbnRhZmUub25saW5lXC9jc3NhcHBzZlwvd3AtY29udGVudFwvdXBsb2Fkc1wvMjAyM1wvMDZcL0FjdWVyZG9fQ0FKQS1NVVRVQUxfMi5qcGciLCJzbGlkZXNob3ciOiJhMDk3NzU2In0%3D\">\r\n\t\t\t\t\t<div class=\"e-gallery-image elementor-gallery-item__image\" data-thumbnail=\"https:\/\/capsantafe.online\/cssappsf\/wp-content\/uploads\/2023\/06\/Acuerdo_CAJA-MUTUAL_2.jpg\" data-width=\"525\" data-height=\"700\" aria-label=\"\" role=\"img\" ><\/div>\r\n\t\t\t\t\t\t\t\t\t\t\t<div class=\"elementor-gallery-item__overlay\"><\/div>\r\n\t\t\t\t\t\t\t\t\t\t\t\t\t\t\t<div class=\"elementor-gallery-item__content\">\r\n\t\t\t\t\t\t\t\t\t\t\t\t\t\t<div class=\"elementor-gallery-item__title\">\r\n\t\t\t\t\t\t\t\t\t\t\t\t\t\t\t\t\t\tDr. Jorge Colombo Berra (presidente de la Caja) y Jorge Baremberg (CCSF Asoc. Mutual)\t\t\t\t\t\t\t\t<\/div>\r\n\t\t\t\t\t\t\t\t\t\t\t\t<\/div>\r\n\t\t\t\t\t\t\t\t\t<\/a>\r\n\t\t\t\t\t\t\t<a class=\"e-gallery-item elementor-gallery-item elementor-animated-content\" href=\"https:\/\/capsantafe.online\/cssappsf\/wp-content\/uploads\/2023\/06\/Acuerdo_CAJA-MUTUAL_3.jpg\" data-elementor-open-lightbox=\"yes\" data-elementor-lightbox-slideshow=\"a097756\" data-e-action-hash=\"#elementor-action%3Aaction%3Dlightbox%26settings%3DeyJpZCI6ODYyMSwidXJsIjoiaHR0cHM6XC9cL2NhcHNhbnRhZmUub25saW5lXC9jc3NhcHBzZlwvd3AtY29udGVudFwvdXBsb2Fkc1wvMjAyM1wvMDZcL0FjdWVyZG9fQ0FKQS1NVVRVQUxfMy5qcGciLCJzbGlkZXNob3ciOiJhMDk3NzU2In0%3D\">\r\n\t\t\t\t\t<div class=\"e-gallery-image elementor-gallery-item__image\" data-thumbnail=\"https:\/\/capsantafe.online\/cssappsf\/wp-content\/uploads\/2023\/06\/Acuerdo_CAJA-MUTUAL_3.jpg\" data-width=\"525\" data-height=\"700\" aria-label=\"\" role=\"img\" ><\/div>\r\n\t\t\t\t\t\t\t\t\t\t\t<div class=\"elementor-gallery-item__overlay\"><\/div>\r\n\t\t\t\t\t\t\t\t\t\t\t\t\t\t\t<div class=\"elementor-gallery-item__content\">\r\n\t\t\t\t\t\t\t\t\t\t\t\t\t\t<div class=\"elementor-gallery-item__title\">\r\n\t\t\t\t\t\t\t\t\t\t\t\t\t\t\t\t\t\tDr. Jorge Colombo Berra (presidente de la Caja) y Jorge Baremberg (CCSF Asoc. Mutual)\t\t\t\t\t\t\t\t<\/div>\r\n\t\t\t\t\t\t\t\t\t\t\t\t<\/div>\r\n\t\t\t\t\t\t\t\t\t<\/a>\r\n\t\t\t\t\t<\/div>\r\n\t\t\t\t\t<\/div>\n\t\t\t\t<\/div>\n\t\t\t\t<div class=\"elementor-element elementor-element-04e4835 ob-has-background-overlay elementor-widget elementor-widget-spacer\" data-id=\"04e4835\" data-element_type=\"widget\" data-e-type=\"widget\" data-settings=\"{&quot;_ob_spacerat_use&quot;:&quot;no&quot;,&quot;_ob_perspektive_use&quot;:&quot;no&quot;,&quot;ekit_we_effect_on&quot;:&quot;none&quot;,&quot;_ob_poopart_use&quot;:&quot;yes&quot;,&quot;_ob_shadough_use&quot;:&quot;no&quot;,&quot;_ob_allow_hoveranimator&quot;:&quot;no&quot;,&quot;_ob_widget_stalker_use&quot;:&quot;no&quot;}\" data-widget_type=\"spacer.default\">\n\t\t\t\t<div class=\"elementor-widget-container\">\n\t\t\t\t\t\t\t<div class=\"elementor-spacer\">\n\t\t\t<div class=\"elementor-spacer-inner\"><\/div>\n\t\t<\/div>\n\t\t\t\t\t\t<\/div>\n\t\t\t\t<\/div>\n\t\t\t\t<div class=\"elementor-element elementor-element-70dfb68 ob-harakiri-inherit ob-has-background-overlay elementor-widget elementor-widget-text-editor\" data-id=\"70dfb68\" data-element_type=\"widget\" data-e-type=\"widget\" data-settings=\"{&quot;_ob_use_harakiri&quot;:&quot;yes&quot;,&quot;_ob_harakiri_writing_mode&quot;:&quot;inherit&quot;,&quot;_ob_postman_use&quot;:&quot;no&quot;,&quot;_ob_perspektive_use&quot;:&quot;no&quot;,&quot;ekit_we_effect_on&quot;:&quot;none&quot;,&quot;_ob_poopart_use&quot;:&quot;yes&quot;,&quot;_ob_shadough_use&quot;:&quot;no&quot;,&quot;_ob_allow_hoveranimator&quot;:&quot;no&quot;,&quot;_ob_widget_stalker_use&quot;:&quot;no&quot;}\" data-widget_type=\"text-editor.default\">\n\t\t\t\t<div class=\"elementor-widget-container\">\n\t\t\t\t\t\t\t\t\t<p style=\"text-indent: 100px; text-align: justify;\">A continuaci\u00f3n, dejamos el texto del <strong>Anexo I<\/strong> del mencionado acuerdo:<\/p>\t\t\t\t\t\t\t\t<\/div>\n\t\t\t\t<\/div>\n\t\t\t\t<div class=\"elementor-element elementor-element-3c5a3e9 elementor-widget-divider--view-line ob-has-background-overlay elementor-widget elementor-widget-divider\" data-id=\"3c5a3e9\" data-element_type=\"widget\" data-e-type=\"widget\" data-settings=\"{&quot;_ob_perspektive_use&quot;:&quot;no&quot;,&quot;ekit_we_effect_on&quot;:&quot;none&quot;,&quot;_ob_poopart_use&quot;:&quot;yes&quot;,&quot;_ob_shadough_use&quot;:&quot;no&quot;,&quot;_ob_allow_hoveranimator&quot;:&quot;no&quot;,&quot;_ob_widget_stalker_use&quot;:&quot;no&quot;}\" data-widget_type=\"divider.default\">\n\t\t\t\t<div class=\"elementor-widget-container\">\n\t\t\t\t\t\t\t<div class=\"elementor-divider\">\n\t\t\t<span class=\"elementor-divider-separator\">\n\t\t\t\t\t\t<\/span>\n\t\t<\/div>\n\t\t\t\t\t\t<\/div>\n\t\t\t\t<\/div>\n\t\t\t\t<div class=\"elementor-element elementor-element-d75d63e ob-harakiri-inherit ob-has-background-overlay elementor-widget elementor-widget-text-editor\" data-id=\"d75d63e\" data-element_type=\"widget\" data-e-type=\"widget\" data-settings=\"{&quot;_ob_use_harakiri&quot;:&quot;yes&quot;,&quot;_ob_harakiri_writing_mode&quot;:&quot;inherit&quot;,&quot;_ob_postman_use&quot;:&quot;no&quot;,&quot;_ob_perspektive_use&quot;:&quot;no&quot;,&quot;ekit_we_effect_on&quot;:&quot;none&quot;,&quot;_ob_poopart_use&quot;:&quot;yes&quot;,&quot;_ob_shadough_use&quot;:&quot;no&quot;,&quot;_ob_allow_hoveranimator&quot;:&quot;no&quot;,&quot;_ob_widget_stalker_use&quot;:&quot;no&quot;}\" data-widget_type=\"text-editor.default\">\n\t\t\t\t<div class=\"elementor-widget-container\">\n\t\t\t\t\t\t\t\t\t<p style=\"text-align: center;\"><strong>ANEXO I<\/strong><\/p><p style=\"text-align: center;\"><strong>IMPLEMENTACI\u00d3N OPERATIVA DEL ACUERDO DE COLABORACI\u00d3N<\/strong><br \/><strong>SUSCRIPTO ENTRE LA MUTUAL Y LA CAJA.<\/strong><\/p><p style=\"text-indent: 100px; text-align: justify;\">A los fines de la Cl\u00e1usula Quinta del convenio, se establecen las siguientes pautas operativas.<\/p><p style=\"text-indent: 100px; text-align: justify;\"><strong>1 &#8211;<\/strong> Los afiliados interesados en utilizar el sistema deber\u00e1n cumplimentar la informaci\u00f3n solicitada por LA MUTUAL comunic\u00e1ndose a <a href=\"mailto:contacto@nodofederal.com.ar\" target=\"_blank\" rel=\"noopener\"><b>contacto@nodofederal.com.ar<\/b><\/a> o al whatsapp <strong>342 626 7364<\/strong>, la cual ser\u00e1 requerida a trav\u00e9s de un formulario desarrollado en formato de <span style=\"text-decoration: underline;\">archivo \u201cExcel\u201d<\/span> o similar. Una vez completado el mismo, se generar\u00e1 <strong>un Usuario y una Contrase\u00f1a para cada profesional afiliado a la CAJA y previa verificaci\u00f3n de dicho car\u00e1cter<\/strong>.<\/p><p style=\"text-indent: 100px; text-align: justify;\"><strong>2 &#8211;<\/strong> Con el <span style=\"text-decoration: underline;\">Usuario generado<\/span>, los afiliados a la CAJA podr\u00e1n ingresar al sitio web <a href=\"https:\/\/www.nodofederal.com.ar\" target=\"_blank\" rel=\"noopener\"><b>www.nodofederal.com.ar<\/b><\/a>. Luego de cargar dicho Usuario y Contrase\u00f1a, contar\u00e1n con la disponibilidad del sistema para descargar la informaci\u00f3n requerida.<\/p><p style=\"text-indent: 100px; text-align: justify;\"><strong>3 &#8211;<\/strong> Como ayuda operativa, acompa\u00f1amos link con un video tutorial de uso:<\/p>\t\t\t\t\t\t\t\t<\/div>\n\t\t\t\t<\/div>\n\t\t\t\t<div class=\"elementor-element elementor-element-5c06681 ob-has-background-overlay elementor-widget elementor-widget-video\" data-id=\"5c06681\" data-element_type=\"widget\" data-e-type=\"widget\" data-settings=\"{&quot;youtube_url&quot;:&quot;https:\\\/\\\/youtu.be\\\/QXQ_aH0XBAg&quot;,&quot;video_type&quot;:&quot;youtube&quot;,&quot;controls&quot;:&quot;yes&quot;,&quot;_ob_perspektive_use&quot;:&quot;no&quot;,&quot;ekit_we_effect_on&quot;:&quot;none&quot;,&quot;_ob_poopart_use&quot;:&quot;yes&quot;,&quot;_ob_shadough_use&quot;:&quot;no&quot;,&quot;_ob_allow_hoveranimator&quot;:&quot;no&quot;,&quot;_ob_widget_stalker_use&quot;:&quot;no&quot;}\" data-widget_type=\"video.default\">\n\t\t\t\t<div class=\"elementor-widget-container\">\n\t\t\t\t\t\t\t<div class=\"elementor-wrapper elementor-open-inline\">\n\t\t\t<div class=\"elementor-video\"><\/div>\t\t<\/div>\n\t\t\t\t\t\t<\/div>\n\t\t\t\t<\/div>\n\t\t\t\t<div class=\"elementor-element elementor-element-41f1901 ob-harakiri-inherit ob-has-background-overlay elementor-widget elementor-widget-text-editor\" data-id=\"41f1901\" data-element_type=\"widget\" data-e-type=\"widget\" data-settings=\"{&quot;_ob_use_harakiri&quot;:&quot;yes&quot;,&quot;_ob_harakiri_writing_mode&quot;:&quot;inherit&quot;,&quot;_ob_postman_use&quot;:&quot;no&quot;,&quot;_ob_perspektive_use&quot;:&quot;no&quot;,&quot;ekit_we_effect_on&quot;:&quot;none&quot;,&quot;_ob_poopart_use&quot;:&quot;yes&quot;,&quot;_ob_shadough_use&quot;:&quot;no&quot;,&quot;_ob_allow_hoveranimator&quot;:&quot;no&quot;,&quot;_ob_widget_stalker_use&quot;:&quot;no&quot;}\" data-widget_type=\"text-editor.default\">\n\t\t\t\t<div class=\"elementor-widget-container\">\n\t\t\t\t\t\t\t\t\t<p style=\"text-indent: 100px; text-align: justify;\"><strong>4 &#8211;<\/strong> Al cierre de cada mes calendario, <strong>LA MUTUAL<\/strong> proceder\u00e1 a facturar en forma individual a los profesionales los informes que se hayan procesado en el transcurso del mismo y el comprobante ser\u00e1 enviado <strong>v\u00eda correo electr\u00f3nico<\/strong> o <strong>whatsapp<\/strong> para el cobro respectivo.<\/p><p style=\"text-indent: 100px; text-align: justify;\"><strong>5 &#8211;<\/strong> El pago por parte de los profesionales se realizar\u00e1 v\u00eda transferencia bancaria a la <strong>CBU 4260001900100000063091<\/strong> (<em>Centro Comercial de Sta Fe AM<\/em>) debiendo, los profesionales, notificar la misma al mail <a href=\"mailto:contacto@nodofederal.com.ar\" target=\"_blank\" rel=\"noopener\"><b>contacto@nodofederal.com.ar<\/b><\/a> o al whastapp <strong>342 626 7364<\/strong>, adjuntando el comprobante respectivo.<\/p><p style=\"text-indent: 100px; text-align: justify;\"><strong>6 &#8211;<\/strong> El costo inicial del informe es de <strong>$200<\/strong> por cada informe solicitado. El precio se actualizar\u00e1 trimestralmente aplicando el IPC (\u00edndice de Precios al Consumidor publicado en <a href=\"https:\/\/www.indec.gob.ar\/indec\/web\/Nivel4-Tema-3-5-31\" target=\"_blank\" rel=\"noopener\"><b>www.indec.gob.ar\/indec\/web\/Nivel4-Tema-3-5-31<\/b><\/a>). A partir de la publicaci\u00f3n del IPC, se ajustar\u00e1 el precio para el mes calendario siguiente.<\/p>\t\t\t\t\t\t\t\t<\/div>\n\t\t\t\t<\/div>\n\t\t\t\t<div class=\"elementor-element elementor-element-bc597b4 ob-has-background-overlay elementor-widget elementor-widget-spacer\" data-id=\"bc597b4\" data-element_type=\"widget\" data-e-type=\"widget\" data-settings=\"{&quot;_ob_spacerat_use&quot;:&quot;no&quot;,&quot;_ob_perspektive_use&quot;:&quot;no&quot;,&quot;ekit_we_effect_on&quot;:&quot;none&quot;,&quot;_ob_poopart_use&quot;:&quot;yes&quot;,&quot;_ob_shadough_use&quot;:&quot;no&quot;,&quot;_ob_allow_hoveranimator&quot;:&quot;no&quot;,&quot;_ob_widget_stalker_use&quot;:&quot;no&quot;}\" data-widget_type=\"spacer.default\">\n\t\t\t\t<div class=\"elementor-widget-container\">\n\t\t\t\t\t\t\t<div class=\"elementor-spacer\">\n\t\t\t<div class=\"elementor-spacer-inner\"><\/div>\n\t\t<\/div>\n\t\t\t\t\t\t<\/div>\n\t\t\t\t<\/div>\n\t\t\t\t<div class=\"elementor-element elementor-element-9ca54ec elementor-widget-divider--view-line ob-has-background-overlay elementor-widget elementor-widget-divider\" data-id=\"9ca54ec\" data-element_type=\"widget\" data-e-type=\"widget\" data-settings=\"{&quot;_ob_perspektive_use&quot;:&quot;no&quot;,&quot;ekit_we_effect_on&quot;:&quot;none&quot;,&quot;_ob_poopart_use&quot;:&quot;yes&quot;,&quot;_ob_shadough_use&quot;:&quot;no&quot;,&quot;_ob_allow_hoveranimator&quot;:&quot;no&quot;,&quot;_ob_widget_stalker_use&quot;:&quot;no&quot;}\" data-widget_type=\"divider.default\">\n\t\t\t\t<div class=\"elementor-widget-container\">\n\t\t\t\t\t\t\t<div class=\"elementor-divider\">\n\t\t\t<span class=\"elementor-divider-separator\">\n\t\t\t\t\t\t<\/span>\n\t\t<\/div>\n\t\t\t\t\t\t<\/div>\n\t\t\t\t<\/div>\n\t\t\t\t<div class=\"elementor-element elementor-element-c7c9c8f elementor-align-center elementor-icon-list--layout-traditional elementor-list-item-link-full_width ob-has-background-overlay elementor-widget elementor-widget-icon-list\" data-id=\"c7c9c8f\" data-element_type=\"widget\" data-e-type=\"widget\" data-settings=\"{&quot;_ob_perspektive_use&quot;:&quot;no&quot;,&quot;ekit_we_effect_on&quot;:&quot;none&quot;,&quot;_ob_poopart_use&quot;:&quot;yes&quot;,&quot;_ob_shadough_use&quot;:&quot;no&quot;,&quot;_ob_allow_hoveranimator&quot;:&quot;no&quot;,&quot;_ob_widget_stalker_use&quot;:&quot;no&quot;}\" data-widget_type=\"icon-list.default\">\n\t\t\t\t<div class=\"elementor-widget-container\">\n\t\t\t\t\t\t\t<ul class=\"elementor-icon-list-items\">\n\t\t\t\t\t\t\t<li class=\"elementor-icon-list-item\">\n\t\t\t\t\t\t\t\t\t\t\t<a href=\"https:\/\/capsantafe.online\/cssappsf\/wp-content\/uploads\/2023\/05\/Anexo_I_-_Acuerdo_Colaboracion.pdf\" target=\"_blank\">\n\n\t\t\t\t\t\t\t\t\t\t\t\t<span class=\"elementor-icon-list-icon\">\n\t\t\t\t\t\t\t<i aria-hidden=\"true\" class=\"fas fa-download\"><\/i>\t\t\t\t\t\t<\/span>\n\t\t\t\t\t\t\t\t\t\t<span class=\"elementor-icon-list-text\">Anexo I en PDF<\/span>\n\t\t\t\t\t\t\t\t\t\t\t<\/a>\n\t\t\t\t\t\t\t\t\t<\/li>\n\t\t\t\t\t\t<\/ul>\n\t\t\t\t\t\t<\/div>\n\t\t\t\t<\/div>\n\t\t\t\t\t<\/div>\n\t\t<\/div>\n\t\t\t\t\t<\/div>\n\t\t<\/section>\n\t\t\t\t<\/div>\n\t\t","protected":false},"excerpt":{"rendered":"<p>Importante <b>herramienta para el ejercicio de la profesi\u00f3n<\/b> disponible para todos los Afiliados de la Provincia.<\/p>\n","protected":false},"author":7,"featured_media":11824,"comment_status":"closed","ping_status":"closed","sticky":false,"template":"","format":"standard","meta":{"_acf_changed":false,"_eb_attr":"","inline_featured_image":false,"footnotes":""},"categories":[19,30],"tags":[31],"class_list":["post-8561","post","type-post","status-publish","format-standard","has-post-thumbnail","hentry","category-noticias","category-slider_inicio","tag-s1"],"acf":[],"_links":{"self":[{"href":"https:\/\/capsantafe.online\/cssappsf\/wp-json\/wp\/v2\/posts\/8561","targetHints":{"allow":["GET"]}}],"collection":[{"href":"https:\/\/capsantafe.online\/cssappsf\/wp-json\/wp\/v2\/posts"}],"about":[{"href":"https:\/\/capsantafe.online\/cssappsf\/wp-json\/wp\/v2\/types\/post"}],"author":[{"embeddable":true,"href":"https:\/\/capsantafe.online\/cssappsf\/wp-json\/wp\/v2\/users\/7"}],"replies":[{"embeddable":true,"href":"https:\/\/capsantafe.online\/cssappsf\/wp-json\/wp\/v2\/comments?post=8561"}],"version-history":[{"count":0,"href":"https:\/\/capsantafe.online\/cssappsf\/wp-json\/wp\/v2\/posts\/8561\/revisions"}],"wp:featuredmedia":[{"embeddable":true,"href":"https:\/\/capsantafe.online\/cssappsf\/wp-json\/wp\/v2\/media\/11824"}],"wp:attachment":[{"href":"https:\/\/capsantafe.online\/cssappsf\/wp-json\/wp\/v2\/media?parent=8561"}],"wp:term":[{"taxonomy":"category","embeddable":true,"href":"https:\/\/capsantafe.online\/cssappsf\/wp-json\/wp\/v2\/categories?post=8561"},{"taxonomy":"post_tag","embeddable":true,"href":"https:\/\/capsantafe.online\/cssappsf\/wp-json\/wp\/v2\/tags?post=8561"}],"curies":[{"name":"wp","href":"https:\/\/api.w.org\/{rel}","templated":true}]}}