{"id":40,"count":85,"description":"D\u00edas Espec\u00edficos (ej: D\u00eda del Abogado)","link":"https:\/\/capsantafe.online\/cssappsf\/eventos\/categoria\/dias-especiales\/","name":"D\u00edas Especiales","slug":"dias-especiales","taxonomy":"tribe_events_cat","parent":0,"meta":[],"acf":[],"_links":{"self":[{"href":"https:\/\/capsantafe.online\/cssappsf\/wp-json\/wp\/v2\/tribe_events_cat\/40","targetHints":{"allow":["GET"]}}],"collection":[{"href":"https:\/\/capsantafe.online\/cssappsf\/wp-json\/wp\/v2\/tribe_events_cat"}],"about":[{"href":"https:\/\/capsantafe.online\/cssappsf\/wp-json\/wp\/v2\/taxonomies\/tribe_events_cat"}],"wp:post_type":[{"href":"https:\/\/capsantafe.online\/cssappsf\/wp-json\/wp\/v2\/tribe_events?tribe_events_cat=40"},{"href":"https:\/\/capsantafe.online\/cssappsf\/wp-json\/wp\/v2\/tec_calendar_embed?tribe_events_cat=40"}],"curies":[{"name":"wp","href":"https:\/\/api.w.org\/{rel}","templated":true}]}}